{"id":2374,"date":"2021-10-09T12:12:38","date_gmt":"2021-10-09T12:12:38","guid":{"rendered":"https:\/\/aprooptelecom.com\/que-es-ser-de-aproop\/"},"modified":"2021-10-09T12:12:38","modified_gmt":"2021-10-09T12:12:38","slug":"que-es-ser-de-aproop","status":"publish","type":"post","link":"https:\/\/aprooptelecom.com\/es\/que-es-ser-de-aproop\/","title":{"rendered":"\u00bfQu\u00e9 es ser de aproop!?"},"content":{"rendered":"<p>Hoy,\u00a0<strong>9 de Octubre<\/strong>, celebramos nuestra fiesta grande, la conmemoraci\u00f3n de nuestra historia y de lo que significa\u00a0<strong>pertenecer a esta tierra<\/strong>.<\/p>\n<p>Un lugar con unos rasgos identitarios propios que nos hacen disfrutar de la vida de una manera muy particular, luminosa y optimista. Porque, por encima de cualquier otra cosa,\u00a0<strong>a las valencianas y los valencianos<\/strong>\u00a0<strong>nos gusta estar cerca<\/strong>\u00a0de todo aquello que nos da felicidad: nuestra gente, nuestras fiestas y tradiciones, nuestro clima&#8230;<\/p>\n<p>Es as\u00ed: en la tierra valenciana somos de estar muy cerca, tal como nos gusta en\u00a0<strong>esta telecom,\u00a0<em>la d&#8217;ac\u00ed<\/em><\/strong>.<\/p>\n<p>Por eso, \u00bfhay algo m\u00e1s apropiado que\u00a0<strong>inaugurar\u00a0nuestro blog el 9 de Octubre hablando sobre qu\u00e9 es ser de aproop!<\/strong>?<\/p>\n<h2>Ser de aproop!&#8230; \u00bfqu\u00e9 quiere decir?<\/h2>\n<p>&nbsp;<\/p>\n<p>Ser de\u00a0<strong><a href=\"https:\/\/aprooptelecom.com\/es\">aproop!<\/a><\/strong>\u00a0es un orgullo, un sentimiento. Quiere decir que somos conscientes de\u00a0pertenecer a una tierra \u00fanica, abierta al mundo y con muchas cosas que decir.<\/p>\n<p>Quiere decir que\u00a0<strong>si podemos hablar hoy, no esperaremos a llamarnos\u00a0ma\u00f1ana<\/strong>. Que si podemos compartir lo que nos da la vida lo haremos, y si puede ser,\u00a0con cuanta m\u00e1s gente mejor.<\/p>\n<p>Ser de\u00a0<strong>aproop!<\/strong>\u00a0quiere decir muchas cosas, todas bonitas y positivas, porque en nuestra tierra somos de categor\u00eda.<\/p>\n<h2>\u00bfC\u00f3mo saber si eres de\u00a0<strong>aproop!<\/strong>?<\/h2>\n<p>-Un buen bocadillo de tortilla acompa\u00f1ado de cacahuetes, altramuces y un plato\u00a0de olivitas.\u00a0<em>Xe, qu\u00e9 bo<\/em>&#8230;<\/p>\n<p>Si no dejas pasar una ma\u00f1ana sin\u00a0<em>esmorzar<\/em>, eres de\u00a0<strong>aproop!<\/strong><\/p>\n<p>&nbsp;<\/p>\n<p>-Hola, buenos d\u00edas.<\/p>\n<p>-Bon dia! Com estem?<\/p>\n<p>Si te encanta hablar valenciano en tu territorio, eres de\u00a0<strong>aproop!<\/strong><\/p>\n<p>&nbsp;<\/p>\n<p>-Arroz largo, chorizo, cordero, ternera, cebolla, guisantes&#8230; Con todo esto solo har\u00e1s \u00abarroz con cosas\u00bb.<\/p>\n<p>Si nunca, pero NUNCA pides paella fuera de la terreta&#8230; eres de\u00a0<strong>aproop!<\/strong><\/p>\n<p>&nbsp;<\/p>\n<p>&#8211;<em>Quin poc trellat!<\/em>\u00a0Esto lo solucionaba yo en un santiam\u00e9n.<\/p>\n<p>Si cuando hace buen tiempo arreglas el barrio charlando a la fresca, eres de\u00a0<strong>aproop!<\/strong><\/p>\n<p>&nbsp;<\/p>\n<p>-Ieee, aix\u00f2 ho pague jo!<\/p>\n<p>Si te gusta compartir para que todos disfruten, eres de\u00a0<strong>aproop!<\/strong><\/p>\n<p>&nbsp;<\/p>\n<p>-Nuestras calles son tan bonitas que no nos vale con ir por la acera.<\/p>\n<p>Si andas por mitad de la calle como en Hogueras, Magdalena o Fallas sin darte cuenta, eres de\u00a0<strong>aproop!<\/strong><\/p>\n<p>&nbsp;<\/p>\n<p>-Blanco y negro, dulce y salado, mar y monta\u00f1a&#8230;<\/p>\n<p>Nuestra tierra\u00a0tiene de todo. Si la disfrutas de punta a punta, eres de\u00a0<strong>aproop!<\/strong><\/p>\n<p>&nbsp;<\/p>\n<p>\u201cQue s\u00ed, que no&#8230;\u201d, \u201cQue esto, que lo otro&#8230;\u201d, \u201cQue dentro, que fuera&#8230;\u201d.<\/p>\n<p>Nosotros,\u00a0<em>pensat i fet<\/em>: si tienes las cosas claras, eres de\u00a0<strong>aproop!<\/strong><\/p>\n<p>&nbsp;<\/p>\n<p>-Plou poc, per\u00f2 per al poc que plou, plou prou.<\/p>\n<p>Si das un paso al frente\u00a0mirando al futuro con ilusi\u00f3n y orgullo, eres de\u00a0<strong>aproop!<\/strong><\/p>\n<p>&nbsp;<\/p>\n<p>Qu\u00e9, \u00bferes de\u00a0<strong>aproop!<\/strong>?<\/p>\n<p>&nbsp;<\/p>\n<p>\u00a1Buen 9 de Octubre!<\/p>\n","protected":false},"excerpt":{"rendered":"<p>Ser de aproop! es un sentimiento, el orgullo de pertenecer a una tierra \u00fanica, con gente de categor\u00eda que tiene muchas cosas que decir. Si t\u00fa tambi\u00e9n sientes lo mismo, sigue leyendo para comprobar si eres de aproop!<\/p>\n","protected":false},"author":1,"featured_media":1237,"comment_status":"open","ping_status":"open","sticky":false,"template":"","format":"standard","meta":{"footnotes":""},"categories":[41],"tags":[],"class_list":["post-2374","post","type-post","status-publish","format-standard","has-post-thumbnail","hentry","category-blog-wp-es"],"yoast_head":"<!-- This site is optimized with the Yoast SEO plugin v27.2 - https:\/\/yoast.com\/product\/yoast-seo-wordpress\/ -->\n<title>Contracta les millors tarifes de fibra i m\u00f2bil | Aproop - Prova<\/title>\n<meta name=\"description\" content=\"Descobreix les tarifes que millor s\u2019adapten a tu i els teus! Contacta ara amb el nostre servei d\u2019atenci\u00f3 al client.\" \/>\n<meta name=\"robots\" content=\"index, follow, max-snippet:-1, max-image-preview:large, max-video-preview:-1\" \/>\n<link rel=\"canonical\" href=\"https:\/\/aprooptelecom.com\/es\/que-es-ser-de-aproop\/\" \/>\n<meta property=\"og:locale\" content=\"es_ES\" \/>\n<meta property=\"og:type\" content=\"article\" \/>\n<meta property=\"og:title\" content=\"Contracta les millors tarifes de fibra i m\u00f2bil | Aproop - Prova\" \/>\n<meta property=\"og:description\" content=\"Descobreix les tarifes que millor s\u2019adapten a tu i els teus! Contacta ara amb el nostre servei d\u2019atenci\u00f3 al client.\" \/>\n<meta property=\"og:url\" content=\"https:\/\/aprooptelecom.com\/es\/que-es-ser-de-aproop\/\" \/>\n<meta property=\"og:site_name\" content=\"Aproop Telecom\" \/>\n<meta property=\"article:published_time\" content=\"2021-10-09T12:12:38+00:00\" \/>\n<meta property=\"og:image\" content=\"https:\/\/aprooptelecom.com\/wp-content\/uploads\/2023\/05\/destacada-que-es-aproop.jpg\" \/>\n\t<meta property=\"og:image:width\" content=\"428\" \/>\n\t<meta property=\"og:image:height\" content=\"360\" \/>\n\t<meta property=\"og:image:type\" content=\"image\/jpeg\" \/>\n<meta name=\"author\" content=\"admin_wp\" \/>\n<meta name=\"twitter:card\" content=\"summary_large_image\" \/>\n<meta name=\"twitter:label1\" content=\"Escrito por\" \/>\n\t<meta name=\"twitter:data1\" content=\"admin_wp\" \/>\n\t<meta name=\"twitter:label2\" content=\"Tiempo de lectura\" \/>\n\t<meta name=\"twitter:data2\" content=\"2 minutos\" \/>\n<script type=\"application\/ld+json\" class=\"yoast-schema-graph\">{\"@context\":\"https:\/\/schema.org\",\"@graph\":[{\"@type\":\"Article\",\"@id\":\"https:\/\/aprooptelecom.com\/es\/que-es-ser-de-aproop\/#article\",\"isPartOf\":{\"@id\":\"https:\/\/aprooptelecom.com\/es\/que-es-ser-de-aproop\/\"},\"author\":{\"name\":\"admin_wp\",\"@id\":\"https:\/\/aprooptelecom.com\/es\/#\/schema\/person\/6d6a515c7a3ec60eafc1e47864c35dc7\"},\"headline\":\"\u00bfQu\u00e9 es ser de aproop!?\",\"datePublished\":\"2021-10-09T12:12:38+00:00\",\"mainEntityOfPage\":{\"@id\":\"https:\/\/aprooptelecom.com\/es\/que-es-ser-de-aproop\/\"},\"wordCount\":466,\"commentCount\":0,\"publisher\":{\"@id\":\"https:\/\/aprooptelecom.com\/es\/#organization\"},\"image\":{\"@id\":\"https:\/\/aprooptelecom.com\/es\/que-es-ser-de-aproop\/#primaryimage\"},\"thumbnailUrl\":\"https:\/\/aprooptelecom.com\/wp-content\/uploads\/2023\/05\/destacada-que-es-aproop.jpg\",\"articleSection\":[\"Blog WP\"],\"inLanguage\":\"es\",\"potentialAction\":[{\"@type\":\"CommentAction\",\"name\":\"Comment\",\"target\":[\"https:\/\/aprooptelecom.com\/es\/que-es-ser-de-aproop\/#respond\"]}]},{\"@type\":\"WebPage\",\"@id\":\"https:\/\/aprooptelecom.com\/es\/que-es-ser-de-aproop\/\",\"url\":\"https:\/\/aprooptelecom.com\/es\/que-es-ser-de-aproop\/\",\"name\":\"Contracta les millors tarifes de fibra i m\u00f2bil | Aproop - Prova\",\"isPartOf\":{\"@id\":\"https:\/\/aprooptelecom.com\/es\/#website\"},\"primaryImageOfPage\":{\"@id\":\"https:\/\/aprooptelecom.com\/es\/que-es-ser-de-aproop\/#primaryimage\"},\"image\":{\"@id\":\"https:\/\/aprooptelecom.com\/es\/que-es-ser-de-aproop\/#primaryimage\"},\"thumbnailUrl\":\"https:\/\/aprooptelecom.com\/wp-content\/uploads\/2023\/05\/destacada-que-es-aproop.jpg\",\"datePublished\":\"2021-10-09T12:12:38+00:00\",\"description\":\"Descobreix les tarifes que millor s\u2019adapten a tu i els teus! Contacta ara amb el nostre servei d\u2019atenci\u00f3 al client.\",\"breadcrumb\":{\"@id\":\"https:\/\/aprooptelecom.com\/es\/que-es-ser-de-aproop\/#breadcrumb\"},\"inLanguage\":\"es\",\"potentialAction\":[{\"@type\":\"ReadAction\",\"target\":[\"https:\/\/aprooptelecom.com\/es\/que-es-ser-de-aproop\/\"]}]},{\"@type\":\"ImageObject\",\"inLanguage\":\"es\",\"@id\":\"https:\/\/aprooptelecom.com\/es\/que-es-ser-de-aproop\/#primaryimage\",\"url\":\"https:\/\/aprooptelecom.com\/wp-content\/uploads\/2023\/05\/destacada-que-es-aproop.jpg\",\"contentUrl\":\"https:\/\/aprooptelecom.com\/wp-content\/uploads\/2023\/05\/destacada-que-es-aproop.jpg\",\"width\":428,\"height\":360},{\"@type\":\"BreadcrumbList\",\"@id\":\"https:\/\/aprooptelecom.com\/es\/que-es-ser-de-aproop\/#breadcrumb\",\"itemListElement\":[{\"@type\":\"ListItem\",\"position\":1,\"name\":\"Inici\",\"item\":\"https:\/\/aprooptelecom.com\/es\/\"},{\"@type\":\"ListItem\",\"position\":2,\"name\":\"\u00bfQu\u00e9 es ser de aproop!?\"}]},{\"@type\":\"WebSite\",\"@id\":\"https:\/\/aprooptelecom.com\/es\/#website\",\"url\":\"https:\/\/aprooptelecom.com\/es\/\",\"name\":\"Aproop Telecom\",\"description\":\"Descobreix les tarifes que millor s\u2019adapten a tu i els teus! Contacta ara amb el nostre servei d\u2019atenci\u00f3 al client.\",\"publisher\":{\"@id\":\"https:\/\/aprooptelecom.com\/es\/#organization\"},\"potentialAction\":[{\"@type\":\"SearchAction\",\"target\":{\"@type\":\"EntryPoint\",\"urlTemplate\":\"https:\/\/aprooptelecom.com\/es\/?s={search_term_string}\"},\"query-input\":{\"@type\":\"PropertyValueSpecification\",\"valueRequired\":true,\"valueName\":\"search_term_string\"}}],\"inLanguage\":\"es\"},{\"@type\":\"Organization\",\"@id\":\"https:\/\/aprooptelecom.com\/es\/#organization\",\"name\":\"Aproop Telecom\",\"url\":\"https:\/\/aprooptelecom.com\/es\/\",\"logo\":{\"@type\":\"ImageObject\",\"inLanguage\":\"es\",\"@id\":\"https:\/\/aprooptelecom.com\/es\/#\/schema\/logo\/image\/\",\"url\":\"https:\/\/aprooptelecom.com\/wp-content\/uploads\/2022\/11\/aproop-logo.svg\",\"contentUrl\":\"https:\/\/aprooptelecom.com\/wp-content\/uploads\/2022\/11\/aproop-logo.svg\",\"caption\":\"Aproop Telecom\"},\"image\":{\"@id\":\"https:\/\/aprooptelecom.com\/es\/#\/schema\/logo\/image\/\"}},{\"@type\":\"Person\",\"@id\":\"https:\/\/aprooptelecom.com\/es\/#\/schema\/person\/6d6a515c7a3ec60eafc1e47864c35dc7\",\"name\":\"admin_wp\",\"image\":{\"@type\":\"ImageObject\",\"inLanguage\":\"es\",\"@id\":\"https:\/\/secure.gravatar.com\/avatar\/d9f226927c74aafb57347073f8cbdb466f42fc37e947f685340b730f90148b8d?s=96&d=mm&r=g\",\"url\":\"https:\/\/secure.gravatar.com\/avatar\/d9f226927c74aafb57347073f8cbdb466f42fc37e947f685340b730f90148b8d?s=96&d=mm&r=g\",\"contentUrl\":\"https:\/\/secure.gravatar.com\/avatar\/d9f226927c74aafb57347073f8cbdb466f42fc37e947f685340b730f90148b8d?s=96&d=mm&r=g\",\"caption\":\"admin_wp\"}}]}<\/script>\n<!-- \/ Yoast SEO plugin. -->","yoast_head_json":{"title":"Contracta les millors tarifes de fibra i m\u00f2bil | Aproop - Prova","description":"Descobreix les tarifes que millor s\u2019adapten a tu i els teus! Contacta ara amb el nostre servei d\u2019atenci\u00f3 al client.","robots":{"index":"index","follow":"follow","max-snippet":"max-snippet:-1","max-image-preview":"max-image-preview:large","max-video-preview":"max-video-preview:-1"},"canonical":"https:\/\/aprooptelecom.com\/es\/que-es-ser-de-aproop\/","og_locale":"es_ES","og_type":"article","og_title":"Contracta les millors tarifes de fibra i m\u00f2bil | Aproop - Prova","og_description":"Descobreix les tarifes que millor s\u2019adapten a tu i els teus! Contacta ara amb el nostre servei d\u2019atenci\u00f3 al client.","og_url":"https:\/\/aprooptelecom.com\/es\/que-es-ser-de-aproop\/","og_site_name":"Aproop Telecom","article_published_time":"2021-10-09T12:12:38+00:00","og_image":[{"width":428,"height":360,"url":"https:\/\/aprooptelecom.com\/wp-content\/uploads\/2023\/05\/destacada-que-es-aproop.jpg","type":"image\/jpeg"}],"author":"admin_wp","twitter_card":"summary_large_image","twitter_misc":{"Escrito por":"admin_wp","Tiempo de lectura":"2 minutos"},"schema":{"@context":"https:\/\/schema.org","@graph":[{"@type":"Article","@id":"https:\/\/aprooptelecom.com\/es\/que-es-ser-de-aproop\/#article","isPartOf":{"@id":"https:\/\/aprooptelecom.com\/es\/que-es-ser-de-aproop\/"},"author":{"name":"admin_wp","@id":"https:\/\/aprooptelecom.com\/es\/#\/schema\/person\/6d6a515c7a3ec60eafc1e47864c35dc7"},"headline":"\u00bfQu\u00e9 es ser de aproop!?","datePublished":"2021-10-09T12:12:38+00:00","mainEntityOfPage":{"@id":"https:\/\/aprooptelecom.com\/es\/que-es-ser-de-aproop\/"},"wordCount":466,"commentCount":0,"publisher":{"@id":"https:\/\/aprooptelecom.com\/es\/#organization"},"image":{"@id":"https:\/\/aprooptelecom.com\/es\/que-es-ser-de-aproop\/#primaryimage"},"thumbnailUrl":"https:\/\/aprooptelecom.com\/wp-content\/uploads\/2023\/05\/destacada-que-es-aproop.jpg","articleSection":["Blog WP"],"inLanguage":"es","potentialAction":[{"@type":"CommentAction","name":"Comment","target":["https:\/\/aprooptelecom.com\/es\/que-es-ser-de-aproop\/#respond"]}]},{"@type":"WebPage","@id":"https:\/\/aprooptelecom.com\/es\/que-es-ser-de-aproop\/","url":"https:\/\/aprooptelecom.com\/es\/que-es-ser-de-aproop\/","name":"Contracta les millors tarifes de fibra i m\u00f2bil | Aproop - Prova","isPartOf":{"@id":"https:\/\/aprooptelecom.com\/es\/#website"},"primaryImageOfPage":{"@id":"https:\/\/aprooptelecom.com\/es\/que-es-ser-de-aproop\/#primaryimage"},"image":{"@id":"https:\/\/aprooptelecom.com\/es\/que-es-ser-de-aproop\/#primaryimage"},"thumbnailUrl":"https:\/\/aprooptelecom.com\/wp-content\/uploads\/2023\/05\/destacada-que-es-aproop.jpg","datePublished":"2021-10-09T12:12:38+00:00","description":"Descobreix les tarifes que millor s\u2019adapten a tu i els teus! Contacta ara amb el nostre servei d\u2019atenci\u00f3 al client.","breadcrumb":{"@id":"https:\/\/aprooptelecom.com\/es\/que-es-ser-de-aproop\/#breadcrumb"},"inLanguage":"es","potentialAction":[{"@type":"ReadAction","target":["https:\/\/aprooptelecom.com\/es\/que-es-ser-de-aproop\/"]}]},{"@type":"ImageObject","inLanguage":"es","@id":"https:\/\/aprooptelecom.com\/es\/que-es-ser-de-aproop\/#primaryimage","url":"https:\/\/aprooptelecom.com\/wp-content\/uploads\/2023\/05\/destacada-que-es-aproop.jpg","contentUrl":"https:\/\/aprooptelecom.com\/wp-content\/uploads\/2023\/05\/destacada-que-es-aproop.jpg","width":428,"height":360},{"@type":"BreadcrumbList","@id":"https:\/\/aprooptelecom.com\/es\/que-es-ser-de-aproop\/#breadcrumb","itemListElement":[{"@type":"ListItem","position":1,"name":"Inici","item":"https:\/\/aprooptelecom.com\/es\/"},{"@type":"ListItem","position":2,"name":"\u00bfQu\u00e9 es ser de aproop!?"}]},{"@type":"WebSite","@id":"https:\/\/aprooptelecom.com\/es\/#website","url":"https:\/\/aprooptelecom.com\/es\/","name":"Aproop Telecom","description":"Descobreix les tarifes que millor s\u2019adapten a tu i els teus! Contacta ara amb el nostre servei d\u2019atenci\u00f3 al client.","publisher":{"@id":"https:\/\/aprooptelecom.com\/es\/#organization"},"potentialAction":[{"@type":"SearchAction","target":{"@type":"EntryPoint","urlTemplate":"https:\/\/aprooptelecom.com\/es\/?s={search_term_string}"},"query-input":{"@type":"PropertyValueSpecification","valueRequired":true,"valueName":"search_term_string"}}],"inLanguage":"es"},{"@type":"Organization","@id":"https:\/\/aprooptelecom.com\/es\/#organization","name":"Aproop Telecom","url":"https:\/\/aprooptelecom.com\/es\/","logo":{"@type":"ImageObject","inLanguage":"es","@id":"https:\/\/aprooptelecom.com\/es\/#\/schema\/logo\/image\/","url":"https:\/\/aprooptelecom.com\/wp-content\/uploads\/2022\/11\/aproop-logo.svg","contentUrl":"https:\/\/aprooptelecom.com\/wp-content\/uploads\/2022\/11\/aproop-logo.svg","caption":"Aproop Telecom"},"image":{"@id":"https:\/\/aprooptelecom.com\/es\/#\/schema\/logo\/image\/"}},{"@type":"Person","@id":"https:\/\/aprooptelecom.com\/es\/#\/schema\/person\/6d6a515c7a3ec60eafc1e47864c35dc7","name":"admin_wp","image":{"@type":"ImageObject","inLanguage":"es","@id":"https:\/\/secure.gravatar.com\/avatar\/d9f226927c74aafb57347073f8cbdb466f42fc37e947f685340b730f90148b8d?s=96&d=mm&r=g","url":"https:\/\/secure.gravatar.com\/avatar\/d9f226927c74aafb57347073f8cbdb466f42fc37e947f685340b730f90148b8d?s=96&d=mm&r=g","contentUrl":"https:\/\/secure.gravatar.com\/avatar\/d9f226927c74aafb57347073f8cbdb466f42fc37e947f685340b730f90148b8d?s=96&d=mm&r=g","caption":"admin_wp"}}]}},"_links":{"self":[{"href":"https:\/\/aprooptelecom.com\/es\/wp-json\/wp\/v2\/posts\/2374","targetHints":{"allow":["GET"]}}],"collection":[{"href":"https:\/\/aprooptelecom.com\/es\/wp-json\/wp\/v2\/posts"}],"about":[{"href":"https:\/\/aprooptelecom.com\/es\/wp-json\/wp\/v2\/types\/post"}],"author":[{"embeddable":true,"href":"https:\/\/aprooptelecom.com\/es\/wp-json\/wp\/v2\/users\/1"}],"replies":[{"embeddable":true,"href":"https:\/\/aprooptelecom.com\/es\/wp-json\/wp\/v2\/comments?post=2374"}],"version-history":[{"count":0,"href":"https:\/\/aprooptelecom.com\/es\/wp-json\/wp\/v2\/posts\/2374\/revisions"}],"wp:featuredmedia":[{"embeddable":true,"href":"https:\/\/aprooptelecom.com\/es\/wp-json\/wp\/v2\/media\/1237"}],"wp:attachment":[{"href":"https:\/\/aprooptelecom.com\/es\/wp-json\/wp\/v2\/media?parent=2374"}],"wp:term":[{"taxonomy":"category","embeddable":true,"href":"https:\/\/aprooptelecom.com\/es\/wp-json\/wp\/v2\/categories?post=2374"},{"taxonomy":"post_tag","embeddable":true,"href":"https:\/\/aprooptelecom.com\/es\/wp-json\/wp\/v2\/tags?post=2374"}],"curies":[{"name":"wp","href":"https:\/\/api.w.org\/{rel}","templated":true}]}}